{"id":749,"date":"2010-06-12T16:10:04","date_gmt":"2010-06-12T15:10:04","guid":{"rendered":"http:\/\/www.archigraphie.eu\/?p=749"},"modified":"2010-06-12T20:14:52","modified_gmt":"2010-06-12T19:14:52","slug":"le-sanctuaire-dise-japon","status":"publish","type":"post","link":"https:\/\/www.archigraphie.eu\/?p=749","title":{"rendered":"Le Sanctuaire d&rsquo;Ise, Japon"},"content":{"rendered":"<p>dit en japonais <em>Ise-jing\u016b<\/em> (\u4f0a\u52e2\u795e\u5bae, <em><em>Ise-jing\u016b<\/em><\/em>) ou <em>Ise Daijing\u016b<\/em> (\u4f0a\u52e2\u5927\u795e\u5bae, <em><em>Ise Daijing\u016b<\/em><\/em>)<\/p>\n<p><a href=\"http:\/\/www.archigraphie.eu\/wp-content\/uploads\/2010\/06\/Ise_03_d.jpg\"><img loading=\"lazy\" decoding=\"async\" class=\"alignnone size-full wp-image-755\" title=\"Ise_03_d\" src=\"http:\/\/www.archigraphie.eu\/wp-content\/uploads\/2010\/06\/Ise_03_d.jpg\" alt=\"\" width=\"450\" height=\"312\" srcset=\"https:\/\/www.archigraphie.eu\/wp-content\/uploads\/2010\/06\/Ise_03_d.jpg 450w, https:\/\/www.archigraphie.eu\/wp-content\/uploads\/2010\/06\/Ise_03_d-300x208.jpg 300w\" sizes=\"auto, (max-width: 450px) 100vw, 450px\" \/><\/a><\/p>\n<p>Plan g\u00e9n\u00e9ral du site<\/p>\n<p><a href=\"http:\/\/www.archigraphie.eu\/wp-content\/uploads\/2010\/06\/Ise_02_d.jpg\"><img loading=\"lazy\" decoding=\"async\" class=\"alignnone size-full wp-image-753\" title=\"Ise_02_d\" src=\"http:\/\/www.archigraphie.eu\/wp-content\/uploads\/2010\/06\/Ise_02_d.jpg\" alt=\"\" width=\"450\" height=\"208\" srcset=\"https:\/\/www.archigraphie.eu\/wp-content\/uploads\/2010\/06\/Ise_02_d.jpg 450w, https:\/\/www.archigraphie.eu\/wp-content\/uploads\/2010\/06\/Ise_02_d-300x138.jpg 300w\" sizes=\"auto, (max-width: 450px) 100vw, 450px\" \/><\/a><\/p>\n<p>Plan du temple principal<\/p>\n<p><a href=\"http:\/\/www.archigraphie.eu\/wp-content\/uploads\/2010\/06\/Ise_01_d.jpg\"><img loading=\"lazy\" decoding=\"async\" class=\"alignnone size-full wp-image-750\" title=\"Ise_01_d\" src=\"http:\/\/www.archigraphie.eu\/wp-content\/uploads\/2010\/06\/Ise_01_d.jpg\" alt=\"\" width=\"450\" height=\"435\" srcset=\"https:\/\/www.archigraphie.eu\/wp-content\/uploads\/2010\/06\/Ise_01_d.jpg 450w, https:\/\/www.archigraphie.eu\/wp-content\/uploads\/2010\/06\/Ise_01_d-300x290.jpg 300w\" sizes=\"auto, (max-width: 450px) 100vw, 450px\" \/><\/a><\/p>\n<p>Plans et El\u00e9vations du sanctuaire central<\/p>\n","protected":false},"excerpt":{"rendered":"<p>dit en japonais Ise-jing\u016b (\u4f0a\u52e2\u795e\u5bae, Ise-jing\u016b) ou Ise Daijing\u016b (\u4f0a\u52e2\u5927\u795e\u5bae, Ise Daijing\u016b) Plan g\u00e9n\u00e9ral du site Plan du temple principal Plans et El\u00e9vations du sanctuaire central<\/p>\n","protected":false},"author":1,"featured_media":0,"comment_status":"open","ping_status":"open","sticky":false,"template":"","format":"standard","meta":{"om_disable_all_campaigns":false,"_monsterinsights_skip_tracking":false,"_monsterinsights_sitenote_active":false,"_monsterinsights_sitenote_note":"","_monsterinsights_sitenote_category":0,"footnotes":""},"categories":[1],"tags":[61],"class_list":["post-749","post","type-post","status-publish","format-standard","hentry","category-uncategorized","tag-ise"],"aioseo_notices":[],"_links":{"self":[{"href":"https:\/\/www.archigraphie.eu\/index.php?rest_route=\/wp\/v2\/posts\/749","targetHints":{"allow":["GET"]}}],"collection":[{"href":"https:\/\/www.archigraphie.eu\/index.php?rest_route=\/wp\/v2\/posts"}],"about":[{"href":"https:\/\/www.archigraphie.eu\/index.php?rest_route=\/wp\/v2\/types\/post"}],"author":[{"embeddable":true,"href":"https:\/\/www.archigraphie.eu\/index.php?rest_route=\/wp\/v2\/users\/1"}],"replies":[{"embeddable":true,"href":"https:\/\/www.archigraphie.eu\/index.php?rest_route=%2Fwp%2Fv2%2Fcomments&post=749"}],"version-history":[{"count":6,"href":"https:\/\/www.archigraphie.eu\/index.php?rest_route=\/wp\/v2\/posts\/749\/revisions"}],"predecessor-version":[{"id":758,"href":"https:\/\/www.archigraphie.eu\/index.php?rest_route=\/wp\/v2\/posts\/749\/revisions\/758"}],"wp:attachment":[{"href":"https:\/\/www.archigraphie.eu\/index.php?rest_route=%2Fwp%2Fv2%2Fmedia&parent=749"}],"wp:term":[{"taxonomy":"category","embeddable":true,"href":"https:\/\/www.archigraphie.eu\/index.php?rest_route=%2Fwp%2Fv2%2Fcategories&post=749"},{"taxonomy":"post_tag","embeddable":true,"href":"https:\/\/www.archigraphie.eu\/index.php?rest_route=%2Fwp%2Fv2%2Ftags&post=749"}],"curies":[{"name":"wp","href":"https:\/\/api.w.org\/{rel}","templated":true}]}}