{"id":629,"date":"2010-05-29T20:22:56","date_gmt":"2010-05-29T19:22:56","guid":{"rendered":"http:\/\/www.archigraphie.eu\/?p=629"},"modified":"2010-05-29T20:22:56","modified_gmt":"2010-05-29T19:22:56","slug":"alvaro-siza-projets","status":"publish","type":"post","link":"https:\/\/www.archigraphie.eu\/?p=629","title":{"rendered":"Alvaro Siza &#8211; Projets"},"content":{"rendered":"<ul>\n<li>1958-1963 Salon de th\u00e9 Boa Nova \u00e0 Matosinhos<\/li>\n<li>1958-1965 Piscine de Quinta da Concei\u00e7\u00e3o<\/li>\n<li>1962 Maison Miranda Santos \u00e0 Matosinhos<\/li>\n<li>1966 Piscine Le\u00e7a da Palmeira, Portugal<\/li>\n<li>1981-1985 Maison Avelino Duarte, Ovar<\/li>\n<li>1987-1993 Facult\u00e9 d&rsquo;Architecture de Porto<\/li>\n<li>1995 Librairie Universitaire d&rsquo;Aveiro<\/li>\n<li>1997 Serralves Museum of Contemporary Art, Portugal<\/li>\n<li>1998 Agence d&rsquo;Architecture, Porto Portugal<\/li>\n<li>1998 Pavillon du Portugal de l&rsquo;Expo &rsquo;98<\/li>\n<\/ul>\n","protected":false},"excerpt":{"rendered":"<p>1958-1963 Salon de th\u00e9 Boa Nova \u00e0 Matosinhos 1958-1965 Piscine de Quinta da Concei\u00e7\u00e3o 1962 Maison Miranda Santos \u00e0 Matosinhos 1966 Piscine Le\u00e7a da Palmeira, Portugal 1981-1985 Maison Avelino Duarte, Ovar 1987-1993 Facult\u00e9 d&rsquo;Architecture de Porto 1995 Librairie Universitaire d&rsquo;Aveiro 1997 Serralves Museum of Contemporary Art, Portugal 1998 Agence d&rsquo;Architecture, Porto Portugal 1998 Pavillon du &hellip; <a href=\"https:\/\/www.archigraphie.eu\/?p=629\" class=\"more-link\">Continuer la lecture de <span class=\"screen-reader-text\">Alvaro Siza &#8211; Projets<\/span>  <span class=\"meta-nav\">&rarr;<\/span><\/a><\/p>\n","protected":false},"author":1,"featured_media":0,"comment_status":"open","ping_status":"open","sticky":false,"template":"","format":"standard","meta":{"om_disable_all_campaigns":false,"_monsterinsights_skip_tracking":false,"_monsterinsights_sitenote_active":false,"_monsterinsights_sitenote_note":"","_monsterinsights_sitenote_category":0,"footnotes":""},"categories":[1],"tags":[29],"class_list":["post-629","post","type-post","status-publish","format-standard","hentry","category-uncategorized","tag-alvaro-siza"],"aioseo_notices":[],"_links":{"self":[{"href":"https:\/\/www.archigraphie.eu\/index.php?rest_route=\/wp\/v2\/posts\/629","targetHints":{"allow":["GET"]}}],"collection":[{"href":"https:\/\/www.archigraphie.eu\/index.php?rest_route=\/wp\/v2\/posts"}],"about":[{"href":"https:\/\/www.archigraphie.eu\/index.php?rest_route=\/wp\/v2\/types\/post"}],"author":[{"embeddable":true,"href":"https:\/\/www.archigraphie.eu\/index.php?rest_route=\/wp\/v2\/users\/1"}],"replies":[{"embeddable":true,"href":"https:\/\/www.archigraphie.eu\/index.php?rest_route=%2Fwp%2Fv2%2Fcomments&post=629"}],"version-history":[{"count":1,"href":"https:\/\/www.archigraphie.eu\/index.php?rest_route=\/wp\/v2\/posts\/629\/revisions"}],"predecessor-version":[{"id":630,"href":"https:\/\/www.archigraphie.eu\/index.php?rest_route=\/wp\/v2\/posts\/629\/revisions\/630"}],"wp:attachment":[{"href":"https:\/\/www.archigraphie.eu\/index.php?rest_route=%2Fwp%2Fv2%2Fmedia&parent=629"}],"wp:term":[{"taxonomy":"category","embeddable":true,"href":"https:\/\/www.archigraphie.eu\/index.php?rest_route=%2Fwp%2Fv2%2Fcategories&post=629"},{"taxonomy":"post_tag","embeddable":true,"href":"https:\/\/www.archigraphie.eu\/index.php?rest_route=%2Fwp%2Fv2%2Ftags&post=629"}],"curies":[{"name":"wp","href":"https:\/\/api.w.org\/{rel}","templated":true}]}}