{"id":1507,"date":"2012-10-25T12:21:13","date_gmt":"2012-10-25T11:21:13","guid":{"rendered":"http:\/\/www.archigraphie.eu\/?p=1507"},"modified":"2012-10-25T12:21:13","modified_gmt":"2012-10-25T11:21:13","slug":"casa-ghiringhelli-a-milan-par-giuseppe-terragni-1933","status":"publish","type":"post","link":"https:\/\/www.archigraphie.eu\/?p=1507","title":{"rendered":"Casa Ghiringhelli \u00e0 Milan par Giuseppe Terragni (1933)"},"content":{"rendered":"<p>Casa Ghiringhelli \u00e0 Milan par Giuseppe Terragni (1933)<\/p>\n<p><a href=\"http:\/\/www.archigraphie.eu\/wp-content\/uploads\/2012\/10\/Terragni_Milan_Casa_Ghiringhelli_01.jpg\"><img loading=\"lazy\" decoding=\"async\" class=\"alignnone size-full wp-image-1508\" title=\"Terragni_Milan_Casa_Ghiringhelli_01\" src=\"http:\/\/www.archigraphie.eu\/wp-content\/uploads\/2012\/10\/Terragni_Milan_Casa_Ghiringhelli_01.jpg\" alt=\"\" width=\"569\" height=\"844\" srcset=\"https:\/\/www.archigraphie.eu\/wp-content\/uploads\/2012\/10\/Terragni_Milan_Casa_Ghiringhelli_01.jpg 569w, https:\/\/www.archigraphie.eu\/wp-content\/uploads\/2012\/10\/Terragni_Milan_Casa_Ghiringhelli_01-202x300.jpg 202w\" sizes=\"auto, (max-width: 569px) 100vw, 569px\" \/><\/a><\/p>\n<p><a href=\"http:\/\/www.archigraphie.eu\/wp-content\/uploads\/2012\/10\/Terragni_Milan_Casa_Ghiringhelli_Plan.jpg\"><img loading=\"lazy\" decoding=\"async\" class=\"alignnone size-full wp-image-1509\" title=\"Terragni_Milan_Casa_Ghiringhelli_Plan\" src=\"http:\/\/www.archigraphie.eu\/wp-content\/uploads\/2012\/10\/Terragni_Milan_Casa_Ghiringhelli_Plan.jpg\" alt=\"\" width=\"569\" height=\"629\" srcset=\"https:\/\/www.archigraphie.eu\/wp-content\/uploads\/2012\/10\/Terragni_Milan_Casa_Ghiringhelli_Plan.jpg 569w, https:\/\/www.archigraphie.eu\/wp-content\/uploads\/2012\/10\/Terragni_Milan_Casa_Ghiringhelli_Plan-271x300.jpg 271w\" sizes=\"auto, (max-width: 569px) 100vw, 569px\" \/><\/a><\/p>\n<p>Plan du Rez-de-chauss\u00e9e et de l&rsquo;\u00e9tage courant<\/p>\n","protected":false},"excerpt":{"rendered":"<p>Casa Ghiringhelli \u00e0 Milan par Giuseppe Terragni (1933) Plan du Rez-de-chauss\u00e9e et de l&rsquo;\u00e9tage courant<\/p>\n","protected":false},"author":1,"featured_media":0,"comment_status":"open","ping_status":"open","sticky":false,"template":"","format":"standard","meta":{"om_disable_all_campaigns":false,"_monsterinsights_skip_tracking":false,"_monsterinsights_sitenote_active":false,"_monsterinsights_sitenote_note":"","_monsterinsights_sitenote_category":0,"footnotes":""},"categories":[1],"tags":[19,212,211],"class_list":["post-1507","post","type-post","status-publish","format-standard","hentry","category-uncategorized","tag-giuseppe-terragni","tag-logement-collectif","tag-milan"],"aioseo_notices":[],"_links":{"self":[{"href":"https:\/\/www.archigraphie.eu\/index.php?rest_route=\/wp\/v2\/posts\/1507","targetHints":{"allow":["GET"]}}],"collection":[{"href":"https:\/\/www.archigraphie.eu\/index.php?rest_route=\/wp\/v2\/posts"}],"about":[{"href":"https:\/\/www.archigraphie.eu\/index.php?rest_route=\/wp\/v2\/types\/post"}],"author":[{"embeddable":true,"href":"https:\/\/www.archigraphie.eu\/index.php?rest_route=\/wp\/v2\/users\/1"}],"replies":[{"embeddable":true,"href":"https:\/\/www.archigraphie.eu\/index.php?rest_route=%2Fwp%2Fv2%2Fcomments&post=1507"}],"version-history":[{"count":1,"href":"https:\/\/www.archigraphie.eu\/index.php?rest_route=\/wp\/v2\/posts\/1507\/revisions"}],"predecessor-version":[{"id":1510,"href":"https:\/\/www.archigraphie.eu\/index.php?rest_route=\/wp\/v2\/posts\/1507\/revisions\/1510"}],"wp:attachment":[{"href":"https:\/\/www.archigraphie.eu\/index.php?rest_route=%2Fwp%2Fv2%2Fmedia&parent=1507"}],"wp:term":[{"taxonomy":"category","embeddable":true,"href":"https:\/\/www.archigraphie.eu\/index.php?rest_route=%2Fwp%2Fv2%2Fcategories&post=1507"},{"taxonomy":"post_tag","embeddable":true,"href":"https:\/\/www.archigraphie.eu\/index.php?rest_route=%2Fwp%2Fv2%2Ftags&post=1507"}],"curies":[{"name":"wp","href":"https:\/\/api.w.org\/{rel}","templated":true}]}}