{"id":1369,"date":"2010-06-10T17:48:47","date_gmt":"2010-06-10T16:48:47","guid":{"rendered":"http:\/\/www.archigraphie.eu\/?p=1369"},"modified":"2012-05-29T17:52:24","modified_gmt":"2012-05-29T16:52:24","slug":"palau-guell-par-antoni-gaudi-a-barcelone","status":"publish","type":"post","link":"https:\/\/www.archigraphie.eu\/?p=1369","title":{"rendered":"Palau G\u00fcell par Antoni Gaud\u00ed \u00e0 Barcelone"},"content":{"rendered":"<p><a href=\"http:\/\/www.archigraphie.eu\/wp-content\/uploads\/2012\/05\/Gaudi-Palau_Guell_01.jpg\"><img loading=\"lazy\" decoding=\"async\" class=\"alignnone size-full wp-image-1370\" title=\"Gaudi-Palau_Guell_01\" src=\"http:\/\/www.archigraphie.eu\/wp-content\/uploads\/2012\/05\/Gaudi-Palau_Guell_01.jpg\" alt=\"\" width=\"569\" height=\"951\" srcset=\"https:\/\/www.archigraphie.eu\/wp-content\/uploads\/2012\/05\/Gaudi-Palau_Guell_01.jpg 569w, https:\/\/www.archigraphie.eu\/wp-content\/uploads\/2012\/05\/Gaudi-Palau_Guell_01-179x300.jpg 179w\" sizes=\"auto, (max-width: 569px) 100vw, 569px\" \/><\/a><\/p>\n<p><a href=\"http:\/\/www.archigraphie.eu\/wp-content\/uploads\/2012\/05\/Gaudi-Palau_Guell_02.jpg\"><img loading=\"lazy\" decoding=\"async\" class=\"alignnone size-full wp-image-1371\" title=\"Gaudi-Palau_Guell_02\" src=\"http:\/\/www.archigraphie.eu\/wp-content\/uploads\/2012\/05\/Gaudi-Palau_Guell_02.jpg\" alt=\"\" width=\"569\" height=\"378\" srcset=\"https:\/\/www.archigraphie.eu\/wp-content\/uploads\/2012\/05\/Gaudi-Palau_Guell_02.jpg 569w, https:\/\/www.archigraphie.eu\/wp-content\/uploads\/2012\/05\/Gaudi-Palau_Guell_02-300x199.jpg 300w, https:\/\/www.archigraphie.eu\/wp-content\/uploads\/2012\/05\/Gaudi-Palau_Guell_02-451x300.jpg 451w\" sizes=\"auto, (max-width: 569px) 100vw, 569px\" \/><\/a><\/p>\n","protected":false},"excerpt":{"rendered":"","protected":false},"author":1,"featured_media":0,"comment_status":"open","ping_status":"open","sticky":false,"template":"","format":"standard","meta":{"om_disable_all_campaigns":false,"_monsterinsights_skip_tracking":false,"_monsterinsights_sitenote_active":false,"_monsterinsights_sitenote_note":"","_monsterinsights_sitenote_category":0,"footnotes":""},"categories":[1],"tags":[73,65,162],"class_list":["post-1369","post","type-post","status-publish","format-standard","hentry","category-uncategorized","tag-antoni-gaudi","tag-barcelone","tag-palau-guell"],"aioseo_notices":[],"_links":{"self":[{"href":"https:\/\/www.archigraphie.eu\/index.php?rest_route=\/wp\/v2\/posts\/1369","targetHints":{"allow":["GET"]}}],"collection":[{"href":"https:\/\/www.archigraphie.eu\/index.php?rest_route=\/wp\/v2\/posts"}],"about":[{"href":"https:\/\/www.archigraphie.eu\/index.php?rest_route=\/wp\/v2\/types\/post"}],"author":[{"embeddable":true,"href":"https:\/\/www.archigraphie.eu\/index.php?rest_route=\/wp\/v2\/users\/1"}],"replies":[{"embeddable":true,"href":"https:\/\/www.archigraphie.eu\/index.php?rest_route=%2Fwp%2Fv2%2Fcomments&post=1369"}],"version-history":[{"count":2,"href":"https:\/\/www.archigraphie.eu\/index.php?rest_route=\/wp\/v2\/posts\/1369\/revisions"}],"predecessor-version":[{"id":1373,"href":"https:\/\/www.archigraphie.eu\/index.php?rest_route=\/wp\/v2\/posts\/1369\/revisions\/1373"}],"wp:attachment":[{"href":"https:\/\/www.archigraphie.eu\/index.php?rest_route=%2Fwp%2Fv2%2Fmedia&parent=1369"}],"wp:term":[{"taxonomy":"category","embeddable":true,"href":"https:\/\/www.archigraphie.eu\/index.php?rest_route=%2Fwp%2Fv2%2Fcategories&post=1369"},{"taxonomy":"post_tag","embeddable":true,"href":"https:\/\/www.archigraphie.eu\/index.php?rest_route=%2Fwp%2Fv2%2Ftags&post=1369"}],"curies":[{"name":"wp","href":"https:\/\/api.w.org\/{rel}","templated":true}]}}