{"id":1360,"date":"2010-04-10T17:23:01","date_gmt":"2010-04-10T16:23:01","guid":{"rendered":"http:\/\/www.archigraphie.eu\/?p=1360"},"modified":"2012-05-29T17:25:16","modified_gmt":"2012-05-29T16:25:16","slug":"casa-batllo-par-antoni-gaudi-a-barcelone","status":"publish","type":"post","link":"https:\/\/www.archigraphie.eu\/?p=1360","title":{"rendered":"Casa Batll\u00f3 par Antoni Gaud\u00ed \u00e0 Barcelone"},"content":{"rendered":"<p><a href=\"http:\/\/www.archigraphie.eu\/wp-content\/uploads\/2012\/05\/Gaudi-Casa_Batllo.jpg\"><img loading=\"lazy\" decoding=\"async\" class=\"alignnone size-full wp-image-1361\" title=\"Gaudi-Casa_Batllo\" src=\"http:\/\/www.archigraphie.eu\/wp-content\/uploads\/2012\/05\/Gaudi-Casa_Batllo.jpg\" alt=\"\" width=\"569\" height=\"186\" srcset=\"https:\/\/www.archigraphie.eu\/wp-content\/uploads\/2012\/05\/Gaudi-Casa_Batllo.jpg 569w, https:\/\/www.archigraphie.eu\/wp-content\/uploads\/2012\/05\/Gaudi-Casa_Batllo-300x98.jpg 300w, https:\/\/www.archigraphie.eu\/wp-content\/uploads\/2012\/05\/Gaudi-Casa_Batllo-500x163.jpg 500w\" sizes=\"auto, (max-width: 569px) 100vw, 569px\" \/><\/a><\/p>\n","protected":false},"excerpt":{"rendered":"","protected":false},"author":1,"featured_media":0,"comment_status":"open","ping_status":"open","sticky":false,"template":"","format":"standard","meta":{"om_disable_all_campaigns":false,"_monsterinsights_skip_tracking":false,"_monsterinsights_sitenote_active":false,"_monsterinsights_sitenote_note":"","_monsterinsights_sitenote_category":0,"footnotes":""},"categories":[1],"tags":[73,65,160],"class_list":["post-1360","post","type-post","status-publish","format-standard","hentry","category-uncategorized","tag-antoni-gaudi","tag-barcelone","tag-casa-batllo"],"aioseo_notices":[],"_links":{"self":[{"href":"https:\/\/www.archigraphie.eu\/index.php?rest_route=\/wp\/v2\/posts\/1360","targetHints":{"allow":["GET"]}}],"collection":[{"href":"https:\/\/www.archigraphie.eu\/index.php?rest_route=\/wp\/v2\/posts"}],"about":[{"href":"https:\/\/www.archigraphie.eu\/index.php?rest_route=\/wp\/v2\/types\/post"}],"author":[{"embeddable":true,"href":"https:\/\/www.archigraphie.eu\/index.php?rest_route=\/wp\/v2\/users\/1"}],"replies":[{"embeddable":true,"href":"https:\/\/www.archigraphie.eu\/index.php?rest_route=%2Fwp%2Fv2%2Fcomments&post=1360"}],"version-history":[{"count":2,"href":"https:\/\/www.archigraphie.eu\/index.php?rest_route=\/wp\/v2\/posts\/1360\/revisions"}],"predecessor-version":[{"id":1363,"href":"https:\/\/www.archigraphie.eu\/index.php?rest_route=\/wp\/v2\/posts\/1360\/revisions\/1363"}],"wp:attachment":[{"href":"https:\/\/www.archigraphie.eu\/index.php?rest_route=%2Fwp%2Fv2%2Fmedia&parent=1360"}],"wp:term":[{"taxonomy":"category","embeddable":true,"href":"https:\/\/www.archigraphie.eu\/index.php?rest_route=%2Fwp%2Fv2%2Fcategories&post=1360"},{"taxonomy":"post_tag","embeddable":true,"href":"https:\/\/www.archigraphie.eu\/index.php?rest_route=%2Fwp%2Fv2%2Ftags&post=1360"}],"curies":[{"name":"wp","href":"https:\/\/api.w.org\/{rel}","templated":true}]}}