{"id":133,"date":"2011-01-15T23:46:39","date_gmt":"2011-01-15T22:46:39","guid":{"rendered":"http:\/\/archigraphie.eu\/?p=133"},"modified":"2011-01-16T00:20:47","modified_gmt":"2011-01-15T23:20:47","slug":"case-study-house-n%c2%b020-par-r-neutra","status":"publish","type":"post","link":"https:\/\/www.archigraphie.eu\/?p=133","title":{"rendered":"Case Study House n\u00b020, par R. Neutra"},"content":{"rendered":"<p><em>\u201cIt is a period to which many of us have been anxiously looking forward for long years \u201d. Ces mots \u00e9crits par Neutra au d\u00e9but du programme montre \u00e0 quel point, le Case Study Program repr\u00e9sentait une occasion attendue. En effet, Neutra a port\u00e9 un int\u00e9r\u00eat constant \u00e0 l\u2019innovation dans le domaine de la conception et de la construction les maisons individuelles. Pendant ces longues ann\u00e9es, Neutra a pens\u00e9 amener la maison hors de l\u2019artisanat vers l\u2019industrialisation. La maison \u00e0 deux chambres est un probl\u00e8me qu\u2019il a d\u00e9j\u00e0 r\u00e9solu de nombreuses fois. Ses plans de 1948, sont dans la droite ligne de toute la reflexion qu\u2019il a d\u00e9velopp\u00e9 au cours de sa carri\u00e8re.<\/em><\/p>\n<h3><a href=\"http:\/\/www.archigraphie.eu\/wp-content\/uploads\/2010\/03\/Neutra-CSH_20-05.jpg\"><img loading=\"lazy\" decoding=\"async\" class=\"alignnone size-full wp-image-315\" title=\"Neutra-CSH_20-05\" src=\"http:\/\/www.archigraphie.eu\/wp-content\/uploads\/2010\/03\/Neutra-CSH_20-05.jpg\" alt=\"\" width=\"450\" height=\"363\" srcset=\"https:\/\/www.archigraphie.eu\/wp-content\/uploads\/2010\/03\/Neutra-CSH_20-05.jpg 595w, https:\/\/www.archigraphie.eu\/wp-content\/uploads\/2010\/03\/Neutra-CSH_20-05-300x242.jpg 300w\" sizes=\"auto, (max-width: 450px) 100vw, 450px\" \/><\/a><\/h3>\n<h3><a href=\"http:\/\/www.archigraphie.eu\/wp-content\/uploads\/2010\/03\/Neutra-CSH_20-03.jpg\"><img loading=\"lazy\" decoding=\"async\" class=\"alignnone size-full wp-image-285\" title=\"Neutra-CSH_20-03\" src=\"http:\/\/www.archigraphie.eu\/wp-content\/uploads\/2010\/03\/Neutra-CSH_20-03.jpg\" alt=\"\" width=\"450\" height=\"450\" srcset=\"https:\/\/www.archigraphie.eu\/wp-content\/uploads\/2010\/03\/Neutra-CSH_20-03.jpg 1000w, https:\/\/www.archigraphie.eu\/wp-content\/uploads\/2010\/03\/Neutra-CSH_20-03-150x150.jpg 150w, https:\/\/www.archigraphie.eu\/wp-content\/uploads\/2010\/03\/Neutra-CSH_20-03-300x300.jpg 300w\" sizes=\"auto, (max-width: 450px) 100vw, 450px\" \/><\/a><\/h3>\n<h3>Le options constructives :<\/h3>\n<ul>\n<li> Un noyau pr\u00e9fabriqu\u00e9 rassemblant les services et contenant les installations humides et de chauffage \u00e9tait un facteur contraignant du plan.<\/li>\n<li>Ce noyau \u00e9tait plac\u00e9 de mani\u00e8re de ne pas emp\u00eacher des extensions futures de la villa.<\/li>\n<li>Dans un deuxi\u00e8me temps, fut ajout\u00e9 une extension au sud en 1958.<\/li>\n<\/ul>\n<h3><a href=\"http:\/\/www.archigraphie.eu\/wp-content\/uploads\/2010\/03\/Neutra-CSH_20-04.jpg\"><img loading=\"lazy\" decoding=\"async\" class=\"alignnone size-full wp-image-305\" title=\"Neutra-CSH_20-04\" src=\"http:\/\/www.archigraphie.eu\/wp-content\/uploads\/2010\/03\/Neutra-CSH_20-04.jpg\" alt=\"\" width=\"450\" height=\"167\" srcset=\"https:\/\/www.archigraphie.eu\/wp-content\/uploads\/2010\/03\/Neutra-CSH_20-04.jpg 1000w, https:\/\/www.archigraphie.eu\/wp-content\/uploads\/2010\/03\/Neutra-CSH_20-04-300x111.jpg 300w\" sizes=\"auto, (max-width: 450px) 100vw, 450px\" \/><\/a><\/h3>\n<h3>Sch\u00e9ma 1 :<\/h3>\n<ul>\n<li>La maison a un plan en L avec la salle \u00e0 manger et s\u00e9jour orient\u00e9 vers le sud ouvert sur un patio \u201c social \u201d d\u00e9limit\u00e9 par des Eucalyptus g\u00e9ants.<\/li>\n<li>Les deux chambres ont leurs propre jardin privatif ouvert sur l\u2019ouest.<\/li>\n<li>La composition de la maison fond\u00e9e sur une trame de type altern\u00e9e : successivement 10 pieds et 4 pieds.<\/li>\n<li>L\u2019association de ces deux mesures correspond : \u00e0 une dimension structurelle ainsi qu\u2019aux dimensions du noyau humide pr\u00e9fabriqu\u00e9 o\u00f9 sont rassembl\u00e9s les services (cuisine et salle de bain) pour celle de 10 pieds.<\/li>\n<li>Les dimensions de 4 pieds de la trame sont trait\u00e9es plut\u00f4t comme des marges dans le projet. Toutes les circulations y sont rassembl\u00e9es. Elle permet de m\u00e9nager un ensemble de continuit\u00e9s et de transparences au travers du projet. Elle autorise \u00e9galement le d\u00e9tachement des \u00e9l\u00e9ments.<\/li>\n<li>Le syst\u00e8me structurel n\u2019est pas mis en avant dans le projet. La structure n\u2019a de pr\u00e9sence ni forte, ni rythmique dans le projet.<\/li>\n<li>Les opacit\u00e9s trait\u00e9es sur un module de 4 pieds sont travaill\u00e9es de mani\u00e8re compl\u00e8tement fragment\u00e9e.<\/li>\n<li>Elles accompagnent les nombreux jeux d\u2019avanc\u00e9es et de retours des espaces int\u00e9rieurs et ext\u00e9rieurs.<\/li>\n<li>Par ces effets la villa autorise des orientations multiples permettant \u00e0 chaque espace de b\u00e9n\u00e9ficier de son propre espace ext\u00e9rieur privatif.<\/li>\n<li>La toiture est trait\u00e9e dans ce m\u00eame principe. Elle vient soit largement en avant de la fa\u00e7ade soit en retrait laissant d\u00e9passer ainsi en hauteur des \u00e9l\u00e9ments tel que les chemin\u00e9es\u2026<\/li>\n<li>L\u2019ensemble de ces traitements concourent \u00e0 l\u2019effet de dissolution de la maison dans la nature environnante, avec laquelle elle semble fusionner.<br \/>\n<h3><a href=\"http:\/\/www.archigraphie.eu\/wp-content\/uploads\/2010\/03\/Neutra-CSH_20-07.jpg\"><img loading=\"lazy\" decoding=\"async\" class=\"alignnone size-full wp-image-537\" title=\"Neutra-CSH_20-07\" src=\"http:\/\/www.archigraphie.eu\/wp-content\/uploads\/2010\/03\/Neutra-CSH_20-07.jpg\" alt=\"\" width=\"450\" height=\"450\" srcset=\"https:\/\/www.archigraphie.eu\/wp-content\/uploads\/2010\/03\/Neutra-CSH_20-07.jpg 450w, https:\/\/www.archigraphie.eu\/wp-content\/uploads\/2010\/03\/Neutra-CSH_20-07-150x150.jpg 150w, https:\/\/www.archigraphie.eu\/wp-content\/uploads\/2010\/03\/Neutra-CSH_20-07-300x300.jpg 300w\" sizes=\"auto, (max-width: 450px) 100vw, 450px\" \/><\/a><\/h3>\n<\/li>\n<\/ul>\n<p><a href=\"http:\/\/www.archigraphie.eu\/wp-content\/uploads\/2010\/03\/Neutra-CSH_20-06.jpg\"><img loading=\"lazy\" decoding=\"async\" class=\"alignnone size-full wp-image-316\" title=\"Neutra-CSH_20-06\" src=\"http:\/\/www.archigraphie.eu\/wp-content\/uploads\/2010\/03\/Neutra-CSH_20-06.jpg\" alt=\"\" width=\"450\" height=\"304\" \/><\/a><\/p>\n<h3>Sch\u00e9ma 2 :<\/h3>\n<p><a href=\"http:\/\/www.archigraphie.eu\/wp-content\/uploads\/2010\/03\/Neutra-CSH_20-02.jpg\"><img loading=\"lazy\" decoding=\"async\" class=\"alignnone size-full wp-image-253\" title=\"Neutra-CSH_20-02\" src=\"http:\/\/www.archigraphie.eu\/wp-content\/uploads\/2010\/03\/Neutra-CSH_20-02.jpg\" alt=\"\" width=\"450\" height=\"90\" srcset=\"https:\/\/www.archigraphie.eu\/wp-content\/uploads\/2010\/03\/Neutra-CSH_20-02.jpg 1000w, https:\/\/www.archigraphie.eu\/wp-content\/uploads\/2010\/03\/Neutra-CSH_20-02-300x60.jpg 300w\" sizes=\"auto, (max-width: 450px) 100vw, 450px\" \/><\/a><\/p>\n<ul>\n<li> Ce sch\u00e9ma repr\u00e9sente la fa\u00e7ade Nord de la maison, elle permet de comprendre le rapport entretenu par les espaces de la maison avec l\u2019environnement.<\/li>\n<li>Elle illustre un dispositif int\u00e9rieur-ext\u00e9rieur typique chez Neutra<\/li>\n<li>Les deux espaces int\u00e9rieurs visibles sont les deux chambres. De m\u00eame taille, la relation de leurs espaces int\u00e9rieurs avec l\u2019espace ext\u00e9rieur est trait\u00e9e avec le m\u00eame motif r\u00e9p\u00e9t\u00e9 qui permet de cr\u00e9er un effet d\u2019espace ext\u00e9rieur-int\u00e9rieur.<\/li>\n<\/ul>\n","protected":false},"excerpt":{"rendered":"<p>\u201cIt is a period to which many of us have been anxiously looking forward for long years \u201d. Ces mots \u00e9crits par Neutra au d\u00e9but du programme montre \u00e0 quel point, le Case Study Program repr\u00e9sentait une occasion attendue. En effet, Neutra a port\u00e9 un int\u00e9r\u00eat constant \u00e0 l\u2019innovation dans le domaine de la conception &hellip; <a href=\"https:\/\/www.archigraphie.eu\/?p=133\" class=\"more-link\">Continuer la lecture de <span class=\"screen-reader-text\">Case Study House n\u00b020, par R. Neutra<\/span>  <span class=\"meta-nav\">&rarr;<\/span><\/a><\/p>\n","protected":false},"author":1,"featured_media":0,"comment_status":"open","ping_status":"open","sticky":false,"template":"","format":"standard","meta":{"om_disable_all_campaigns":false,"_monsterinsights_skip_tracking":false,"_monsterinsights_sitenote_active":false,"_monsterinsights_sitenote_note":"","_monsterinsights_sitenote_category":0,"footnotes":""},"categories":[66],"tags":[18],"class_list":["post-133","post","type-post","status-publish","format-standard","hentry","category-case-study-houses","tag-richard-neutra"],"aioseo_notices":[],"_links":{"self":[{"href":"https:\/\/www.archigraphie.eu\/index.php?rest_route=\/wp\/v2\/posts\/133","targetHints":{"allow":["GET"]}}],"collection":[{"href":"https:\/\/www.archigraphie.eu\/index.php?rest_route=\/wp\/v2\/posts"}],"about":[{"href":"https:\/\/www.archigraphie.eu\/index.php?rest_route=\/wp\/v2\/types\/post"}],"author":[{"embeddable":true,"href":"https:\/\/www.archigraphie.eu\/index.php?rest_route=\/wp\/v2\/users\/1"}],"replies":[{"embeddable":true,"href":"https:\/\/www.archigraphie.eu\/index.php?rest_route=%2Fwp%2Fv2%2Fcomments&post=133"}],"version-history":[{"count":10,"href":"https:\/\/www.archigraphie.eu\/index.php?rest_route=\/wp\/v2\/posts\/133\/revisions"}],"predecessor-version":[{"id":864,"href":"https:\/\/www.archigraphie.eu\/index.php?rest_route=\/wp\/v2\/posts\/133\/revisions\/864"}],"wp:attachment":[{"href":"https:\/\/www.archigraphie.eu\/index.php?rest_route=%2Fwp%2Fv2%2Fmedia&parent=133"}],"wp:term":[{"taxonomy":"category","embeddable":true,"href":"https:\/\/www.archigraphie.eu\/index.php?rest_route=%2Fwp%2Fv2%2Fcategories&post=133"},{"taxonomy":"post_tag","embeddable":true,"href":"https:\/\/www.archigraphie.eu\/index.php?rest_route=%2Fwp%2Fv2%2Ftags&post=133"}],"curies":[{"name":"wp","href":"https:\/\/api.w.org\/{rel}","templated":true}]}}