{"id":1314,"date":"2011-03-15T11:11:32","date_gmt":"2011-03-15T10:11:32","guid":{"rendered":"http:\/\/www.archigraphie.eu\/?p=1314"},"modified":"2012-05-29T11:13:21","modified_gmt":"2012-05-29T10:13:21","slug":"ministere-de-leducation-nationale-a-rio-de-janeiro-par-le-corbusier","status":"publish","type":"post","link":"https:\/\/www.archigraphie.eu\/?p=1314","title":{"rendered":"Minist\u00e8re de l&rsquo;\u00e9ducation nationale \u00e0 Rio de Janeiro par Le Corbusier"},"content":{"rendered":"<p><a href=\"http:\/\/www.archigraphie.eu\/wp-content\/uploads\/2012\/05\/Le_Corbusier-Ministere_Education_Rio.jpg\"><img loading=\"lazy\" decoding=\"async\" class=\"alignnone size-full wp-image-1315\" title=\"Le_Corbusier-Ministere_Education_Rio\" src=\"http:\/\/www.archigraphie.eu\/wp-content\/uploads\/2012\/05\/Le_Corbusier-Ministere_Education_Rio.jpg\" alt=\"\" width=\"569\" height=\"202\" srcset=\"https:\/\/www.archigraphie.eu\/wp-content\/uploads\/2012\/05\/Le_Corbusier-Ministere_Education_Rio.jpg 569w, https:\/\/www.archigraphie.eu\/wp-content\/uploads\/2012\/05\/Le_Corbusier-Ministere_Education_Rio-300x106.jpg 300w, https:\/\/www.archigraphie.eu\/wp-content\/uploads\/2012\/05\/Le_Corbusier-Ministere_Education_Rio-500x177.jpg 500w\" sizes=\"auto, (max-width: 569px) 100vw, 569px\" \/><\/a><\/p>\n<p>&nbsp;<\/p>\n","protected":false},"excerpt":{"rendered":"<p>&nbsp;<\/p>\n","protected":false},"author":1,"featured_media":0,"comment_status":"open","ping_status":"open","sticky":false,"template":"","format":"standard","meta":{"om_disable_all_campaigns":false,"_monsterinsights_skip_tracking":false,"_monsterinsights_sitenote_active":false,"_monsterinsights_sitenote_note":"","_monsterinsights_sitenote_category":0,"footnotes":""},"categories":[1],"tags":[17,147],"class_list":["post-1314","post","type-post","status-publish","format-standard","hentry","category-uncategorized","tag-le-corbusier","tag-rio-de-janeiro"],"aioseo_notices":[],"_links":{"self":[{"href":"https:\/\/www.archigraphie.eu\/index.php?rest_route=\/wp\/v2\/posts\/1314","targetHints":{"allow":["GET"]}}],"collection":[{"href":"https:\/\/www.archigraphie.eu\/index.php?rest_route=\/wp\/v2\/posts"}],"about":[{"href":"https:\/\/www.archigraphie.eu\/index.php?rest_route=\/wp\/v2\/types\/post"}],"author":[{"embeddable":true,"href":"https:\/\/www.archigraphie.eu\/index.php?rest_route=\/wp\/v2\/users\/1"}],"replies":[{"embeddable":true,"href":"https:\/\/www.archigraphie.eu\/index.php?rest_route=%2Fwp%2Fv2%2Fcomments&post=1314"}],"version-history":[{"count":1,"href":"https:\/\/www.archigraphie.eu\/index.php?rest_route=\/wp\/v2\/posts\/1314\/revisions"}],"predecessor-version":[{"id":1316,"href":"https:\/\/www.archigraphie.eu\/index.php?rest_route=\/wp\/v2\/posts\/1314\/revisions\/1316"}],"wp:attachment":[{"href":"https:\/\/www.archigraphie.eu\/index.php?rest_route=%2Fwp%2Fv2%2Fmedia&parent=1314"}],"wp:term":[{"taxonomy":"category","embeddable":true,"href":"https:\/\/www.archigraphie.eu\/index.php?rest_route=%2Fwp%2Fv2%2Fcategories&post=1314"},{"taxonomy":"post_tag","embeddable":true,"href":"https:\/\/www.archigraphie.eu\/index.php?rest_route=%2Fwp%2Fv2%2Ftags&post=1314"}],"curies":[{"name":"wp","href":"https:\/\/api.w.org\/{rel}","templated":true}]}}